



{"id":1907,"date":"2017-04-20T04:10:59","date_gmt":"2017-04-20T03:10:59","guid":{"rendered":"http:\/\/ilpiccone.it\/wp\/?p=1907"},"modified":"2019-08-30T09:14:34","modified_gmt":"2019-08-30T08:14:34","slug":"comunicato-a-tutti-gli-iscritti-alle-associazioni-aderenti-ed-aggregate","status":"publish","type":"post","link":"https:\/\/www.ilpiccone.it\/index.php\/2017\/04\/20\/comunicato-a-tutti-gli-iscritti-alle-associazioni-aderenti-ed-aggregate\/","title":{"rendered":"COMUNICATO A TUTTI GLI ISCRITTI, ALLE ASSOCIAZIONI ADERENTI  ED AGGREGATE"},"content":{"rendered":"<h3 class=\"p1\"><b>COMUNICATO A TUTTI GLI ISCRITTI, ALLE ASSOCIAZIONI ADERENTI<span class=\"Apple-converted-space\">\u00a0 <\/span>ED AGGREGATE<br \/>\n<\/b><\/h3>\n<p class=\"p1\">L\u2019Associazione di volontariato Il Piccone Nazionale, \u00e8 in corso di liquidazione, e tra qualche giorno cesser\u00e0 di esistere per dar vita all\u2019archivio storico delle <a href=\"http:\/\/ilpiccone.it\/wp\/index.php\/le-cinque-verita\/\">cinque verit\u00e0<\/a>\u00a0che riguardano la storia, la politica, l\u2019economia, la mafia e la democrazia. Al suo posto prender\u00e0 vita La Confederazione\u00a0delle delegazioni locali dei collegi elettorali. Le delegazioni locali proseguiranno la battaglia per \u201cla Verit\u00e0<span class=\"Apple-converted-space\">\u00a0 <\/span>sul territorio\u201d<span class=\"Apple-converted-space\">\u00a0 <\/span>e la strategia apartitica e trasversalista \u201cdel fare concreto\u201d per contrastare le numerosissime emergenze locali.<br \/>\nNella Confederazione confluiranno le associazioni di volontariato, dei sindacati, delle universit\u00e0, degli ordini professionali e quelle dei comuni, delle citt\u00e0 metropolitane ed i trasversalisti delle istituzioni. Alle prossime elezioni, le delegazioni locali capeggiate dai trasversalisti mediante liste miste presenteranno i programmi elettorali delle rispettive circoscrizioni. I programmi\u00a0rispecchieranno\u00a0le scelte effettuate dalla maggioranza degli elettori della circoscrizione. Ciascuno di questi programmi<span class=\"Apple-converted-space\">\u00a0 <\/span>preveder\u00e0 l\u2019abrogazione degli articoli 67 e 68 della Costituzione e la trasformazione dell\u2019attuale mandato di rappresentanza nel mandato imperativo obbligatorio.<br \/>\nLa ricerca della <strong>Verit\u00e0, <\/strong>ha coinvolto insigni storici, filosofi, matematici e religiosi fin dalla notte dei tempi, citiamo i seguenti:<br \/>\n<span class=\"Apple-converted-space\"><em><br \/>\n1 ) La verit\u00e0 e\u2019 una scienza come lo studio dei numeri e della geometria. E\u2019 la ricerca dei teoremi che reggono l\u2019armonia della realt\u00e0\u2019 che appare cosi\u2019 come e\u2019 l\u2019incommensurabile e l\u2019eternita\u2019 regolano l\u2019armonia dell\u2019universo.<\/em><br \/>\n<\/span><strong>PITAGORA<br \/>\n<\/strong><em><br \/>\n2) Molti sono gli ostacoli che impediscono di conoscere la verit\u00e0\u2019, i primi sono l\u2019oscurit\u00e0\u2019 del mistero e la brevit\u00e0\u2019 della vita dell\u2019uomo che la cerca.<\/em><b><br \/>\n<\/b><strong>PROTAGORA<br \/>\n<\/strong><b><\/b><em><br \/>\n3) L\u2019uomo di scienza non e\u2019 fatto dalla conoscenza della verit\u00e0\u2019 irrefutabile, ma dalla ricerca critica, persistente ed inquieta della verit\u00e0\u2019.<\/em><b><br \/>\n<\/b><strong>SIR. KARL RAIMUND<span class=\"Apple-converted-space\">\u00a0 <\/span>POPPER<\/strong><b><br \/>\n<\/b><\/p>\n<p class=\"p1\"><em><span class=\"s1\">4)<strong> L\u2019INTELLETTUALE<\/strong><b>\u00a0\u201c\u2026\u00a0<\/b><\/span><\/em><span class=\"s2\"><em>cerca di seguire tutto ci\u00f2 che succede, di conoscere tutto ci\u00f2 che se ne scrive, d\u2019immaginare tutto ci\u00f2 che non si sa o che si tace,\u2026coordina fatti anche lontani, \u2026rimette insieme i pezzi disorganizzati e frammentari in un intero coerente quadro politico, \u2026ristabilisce la logica la dove sembrano regnare l\u2019arbitrariet\u00e0, la follia e il mistero, l\u2019intellettuale \u00a0sa perch\u00e9 cerca la verit\u00e0\u201d<\/em><br \/>\n<\/span><strong><span class=\"s2\">PIER PAOLO PASOLINI<\/span><\/strong><\/p>\n<p class=\"p1\"><b>5) NOI DELL\u2019ASSOCIAZIONE IL PICCONE<br \/>\n<\/b>Noi non siamo filosofi ne intellettuali, siamo<span class=\"Apple-converted-space\">\u00a0<\/span>metodici e puntigliosi annotatori di quanto accadde.\u00a0La Ricerca della Verit\u00e0 fu impostata nel 1943 dai nostri predecessori. In tal modo involontariamente si e\u2019 ovviato<span class=\"Apple-converted-space\">\u00a0<\/span>al primo ostacolo<span class=\"Apple-converted-space\">\u00a0alla\u00a0<\/span>ricerca<span class=\"Apple-converted-space\">\u00a0<\/span>della verit\u00e0,<span class=\"Apple-converted-space\">\u00a0<\/span>che Protagora ebbe ad identificare nella brevit\u00e0 della vita di chi la ricerchi.<span class=\"Apple-converted-space\">\u00a0<\/span>I nostri archivi, infatti, sono l\u2019annotazione acritica di una gran parte dei fatti accaduti dal 1943 fino ad oggi messi cronologicamente in fila. Fatti immediatamente riscontrabili nella loro oggettivit\u00e0. Questa attivit\u00e0 susseguitasi ininterrottamente dal 43 ci ha fornito l\u2019elenco dei fatti e quindi il ricordo oggettivo dell\u2019esperienze vissute da almeno quattro generazioni che hanno prolungato fino ad oggi i riscontri fattuali dei nostri fondatori.<br \/>\nAbbiamo la nota dei fatti di cronaca<span class=\"Apple-converted-space\">\u00a0<\/span>e di ogni notizia di qualche rilevanza ottenuta da ogni fonte possibile. In questo modo molti dei misteri che angosciarono il primitivo cenacolo cominciarono a prendere forma e a manifestare una loro logica conseguenziale che in certi casi diede delle risposte precise. La parziale desecretazione degli archivi delle ambasciate italiane e straniere e di quelli dei servizi segreti nazionali ed internazionali ci fornirono le prove certe di altri fatti, azioni e accadimenti concreti di Verit\u00e0<span class=\"Apple-converted-space\">\u00a0<\/span>consequenziali e logiche, smantellando le menzogne e restituendo coi fatti le <strong>VERITA\u2019<\/strong>. Per questa ragione abbiamo ricordato Sir. Karl Raimund Popper che riteneva<span class=\"Apple-converted-space\">\u00a0 <\/span>la verit\u00e0 emergere dalla contraddizione dei fatti con la menzogna.\u00a0<strong><em>La Verit\u00e0 \u00e8 la realt\u00e0 liberata dalle menzogne.<\/em><\/strong><span class=\"Apple-converted-space\"><br \/>\n<\/span>Pier Paolo Pasolini ci \u00e8 sembrato giusto ricordarlo. Indag\u00f2 in ogni ambiente, dai servizi segreti alla politica, dai<span class=\"Apple-converted-space\">\u00a0 <\/span>terroristi alla borghesia, dall\u2019idealismo al materialismo, per trovare le prove delle verit\u00e0 e dare un senso logico alla follia ed al mistero.<span class=\"Apple-converted-space\">\u00a0 <\/span>Propio come molti di noi, anche lui,<span class=\"Apple-converted-space\">\u00a0 <\/span>trasse certezze<span class=\"Apple-converted-space\">\u00a0<\/span>dai marciapiedi e dalla fogne. <em>\u201cCasualit\u00e0\u201d volle che la sua morte avvenisse poco tempo dopo ad una intervista nella quale annunciava di conoscere i nomi dei mandanti e degli esecutori dei golpe e delle stragi.<\/em> Questo accadde quando stava scrivendo il libro <strong>\u201cPetrolio\u201d<\/strong>,<span class=\"Apple-converted-space\">\u00a0 <\/span>rimasto incompiuto, che trattava<span class=\"Apple-converted-space\">\u00a0 <\/span>del delitto Mattei**, dell\u2019alba di Cefis, del tramonto di Eni e<span class=\"Apple-converted-space\">\u00a0<\/span>del futuro de profundis dell\u2019immenso potere delle Industrie di Stato Italiane. Una \u201ccasualit\u00e0\u201d che infierisce su quanti posseggano o credono di possedere<span class=\"Apple-converted-space\">\u00a0 <\/span>la<span class=\"Apple-converted-space\">\u00a0<\/span>soluzione dei misteri che nascondono la verit\u00e0 occultata dalle sentenze. La stessa \u201ccasualit\u00e0\u201d imped\u00ec all\u2019 Avv.Federico Federici, impegnato nella difesa per la strage alla stazione di Bologna che, depositata<span class=\"Apple-converted-space\">\u00a0<\/span>una memoria-denuncia contro la conduzione del processo per la strage di Bologna,<span class=\"Apple-converted-space\">\u00a0mor\u00ec\u00a0<\/span>poco tempo dopo di aver comunicato di possedere la chiave di interpretazione \u00a0del memoriale della <a href=\"https:\/\/youtu.be\/aRQTQMMDPNw\">Giovanna Cevolani<\/a>.<\/p>\n<p class=\"p1\"><b>Pitagora.<br \/>\n<\/b>Leggendario Personaggio della Grecia del VI secolo a.C. matematico, filosofo, profeta, taumaturgo. Conobbe e studi\u00f2 le dottrine dei sacerdoti egiziani ed i testi sacri.. A lui \u00e8 attribuita la dottrina della trasmigrazione delle anime e la teoria dei numeri<span class=\"Apple-converted-space\">\u00a0 <\/span>una dottrina metafisica che riteneva i numeri principi cardini della realt\u00e0.L\u2019anima umana sarebbe il numero di connessione tra il numero imperfetto dei corpi terresti ed il numero cosmico divino perfetto. A Pitagora \u00e8 attribuir\u00e0 la scoperta dell\u2019infinito incommensurabile che rappresenterebbe la perfezione cosmica della divinit\u00e0. Se il Teorema a lui attribuito, poteva, da tempo, essere noto<span class=\"Apple-converted-space\">\u00a0 <\/span>ai costruttori e matematici<span class=\"Apple-converted-space\">\u00a0 <\/span>babilonesi ed egiziani e quindi \u201ciniziato a tale\u00a0conoscenza\u00a0dai sacerdoti egizi e dalla lettura dei loro libri sacri gli studi da lui effettuati produssero sviluppi incredibili. Pitagora introdusse la tavola pitagorica, distinse la matematica in logistica o scienza del calcolo, ed in aritmetica o<span class=\"Apple-converted-space\">\u00a0 <\/span>scienza dei numeri. <span class=\"s1\">D<\/span>ivise i numeri in pari e dispari, fiss\u00f2 le basi della geometria dividendoli poi in quadrati e rettangolari e li identific\u00f2 in figure geometriche delimitate da punti che permisero la soluzione di problemi matematici e geometrici. Tramand\u00f2 ai posteri il modo di risolvere equazioni di 2\u00b0 grado.\u00a0La sua vita ed il suo pensiero affascinarono<span class=\"Apple-converted-space\">\u00a0 <\/span>Eduard Shur\u00e8 che scrisse il trattato \u201cI grandi Iniziati\u201d nel quale tratt\u00f2 l\u2019ipotesi<span class=\"Apple-converted-space\">\u00a0 <\/span>che la filosofia si fosse sviluppata dalle religioni pi\u00f9 antiche<span class=\"Apple-converted-space\">\u00a0 <\/span>quali quelle nate dai grandi trascendenti quali Rama, Krisna, Ermete, Mos\u00e8, Orfeo, Pitagora, Platone e Ges\u00f9 Cristo.<\/p>\n<p class=\"p1\"><b>Ser Karl Raimund Popper<\/b><b><br \/>\n<\/b>Nacque a Vienna il 28\/07\/1902 e mor\u00ec a Londra il 17\/11\/1994. Di famiglia ebrea medio borghese, fu filosofo politico, nemico del totalitarismo e difensore della libert\u00e0 e della democrazia. In giovent\u00f9, affascinato dall\u2019ideologia marxista fu socialista, poi insofferente<br \/>\ndel dogmatismo materialistico, abbracci\u00f2 la filosofia del liberismo sociale e divenne amico dell\u2019economista liberale Friedrich von Hayek.\u00a0Insegn\u00f2 filosofia della scienza in varie universit\u00e0 europee, americane e britanniche.Nel 1965, la regina Elisabetta d\u2019Inghilterra lo nomin\u00f2 baronetto.Nello stesso anno divenne membro della Royal<span class=\"Apple-converted-space\">\u00a0 <\/span>British Academy e dell\u2019Academy<span class=\"Apple-converted-space\">\u00a0 <\/span>International des Philosophies des Sciences. Nel 1982 fu ammesso ad honorem all\u2019Accademia dei Licei.\u00a0Fiss\u00f2 la fallibilit\u00e0 come<span class=\"Apple-converted-space\">\u00a0 <\/span>linea di demarcazione tra scienza e non scienza. F\u00f9 sostenitore<span class=\"Apple-converted-space\">\u00a0 <\/span>del razionalismo critico e rifiut\u00f2 la critica logica<span class=\"Apple-converted-space\">\u00a0 <\/span>induttiva dell\u2019induttivismo e del verificalismo. Le varie teorie filosofiche per lui sono da considerarsi ipotesi. La verit\u00e0 di queste risulter\u00e0<span class=\"Apple-converted-space\">\u00a0 <\/span>dalla coerenza o dalla contraddizione con quanto ipotizzato. La verit\u00e0 \u00e8 cio che rimane<span class=\"Apple-converted-space\">\u00a0 <\/span>nella storia eliminato il falso.<\/p>\n<p class=\"p1\"><b>Pier Paolo Pasolini.<br \/>\n<\/b>Figlio di Carlo Alberto Pasolini, ufficiale del regio esercito e di Susanna Colussi, insegnante,<span class=\"Apple-converted-space\">\u00a0 <\/span>nacque a Bologna il giorno 5 del marzo 1922. La famiglia a seguito dei continui trasferimenti del padre per motivi di servizio in pochi anni affront\u00f2 numerosi traslochi.Cattolicissimo<span class=\"Apple-converted-space\">\u00a0 <\/span>fino ai 16 anni, pass\u00f2 al fascismo, al socialismo e poi al marxismo anche se il suo carattere gli imped\u00ec di accettare il totalitarismo. Durante gli studi e poi successivamente durante la seconda guerra mondiale aiut\u00f2<span class=\"Apple-converted-space\">\u00a0 <\/span>economicamente la madre grazie ai numerosi premi letterari che ottenne. Il fratello Guido di 19 anni, cattolico,<span class=\"Apple-converted-space\">\u00a0 <\/span>fu ucciso: aveva aderito ad una formazione partigiana friulana bianca, sterminata a Porzus dalla Brigata partigiana rossa Osoppo.<span class=\"Apple-converted-space\">\u00a0 <\/span><span class=\"s2\">Poliedrico intellettualmente ebbe una vitalit\u00e0 ed una intraprendenza rara. Si impose quale saggista, poeta, pittore, romanziere, commediografo, linguista, traduttore, attore e regista.Quale sociologo studi\u00f2 e descrisse il cambiamento della societ\u00e0 italiana dalla fine della seconda guerra mondiale agli anni 70.<span class=\"Apple-converted-space\">\u00a0 <\/span>Non rinneg\u00f2 mai le<span class=\"Apple-converted-space\">\u00a0 <\/span>radici cristiane che conferm\u00f2 spesso e che dichiar\u00f2 pubblicamente nel corso di una intervista spiegando che erano dentro di lui<span class=\"Apple-converted-space\">\u00a0 <\/span>quale erede degli avi che nei secoli avevano costruito le chiese romaniche, le cattedrali gotiche le chiese barocche e quelle pi\u00f9 umili dei borghi disperse nelle valli e tra i monti.<\/span> Fu assassinato ad<span class=\"Apple-converted-space\">\u00a0 <\/span>Ostia (Roma) il<span class=\"Apple-converted-space\">\u00a0 <\/span>2 novembre 1975 da Pino Pelosi di anni 17 un \u201c\u201dragazzo di vita\u201d che fu trovato alla guida dell\u2019autovettura della vittima. Confess\u00f2 e sostenne di aver investito involontariamente Pasolini,<span class=\"Apple-converted-space\">\u00a0 <\/span>da lui tramortito e caduto a terra, mentre fuggiva sulla sua auto a seguito di una lite durante un incontro particolare. Dopo la condanna definitiva per omicidio volontario, recentemente ha cambiata versione sostenendo di aver dovuto coprire i veri autori dell\u2019omicidio perch\u00e9 costretto da minacce gravi ed ha descritto la vittima come persona gentile , comprensiva e rispettosa del prossimo. Pasolini fu un intellettuale e artista<span class=\"Apple-converted-space\">\u00a0<\/span>tra i pi\u00f9 grandi del ventesimo secolo. Innovativo tanto da essere provocatorio, fu ritenuto dai conservatori di tutti i partiti italiani immorale e scandaloso.\u00a0<span class=\"s3\">Tracci\u00f2 la<span class=\"Apple-converted-space\">\u00a0 <\/span>diagnosi delle patologie politiche e sociali, tuttora attuale, ed<span class=\"Apple-converted-space\">\u00a0 <\/span>il quadro esatto della borghesia decadente e della disperazione dilagante tra il proletariato e sotto proletariato<span class=\"Apple-converted-space\">\u00a0 <\/span>popolare. \u201cFatalit\u00e0\u201d volle che fosse ucciso qualche tempo dopo ad una intervista nella quale informava di conoscere i nomi dei mandanti, degli esecutori delle stragi e dei colpi di stato e proprio mentre stava scrivendo il libro incompiuto sul mistero Mattei<span class=\"Apple-converted-space\">\u00a0 <\/span>intitolato \u201cPetrolio\u201d.<\/span><\/p>\n","protected":false},"excerpt":{"rendered":"<p>COMUNICATO A TUTTI GLI ISCRITTI, ALLE ASSOCIAZIONI ADERENTI\u00a0 ED AGGREGATE L\u2019Associazione di volontariato Il Piccone Nazionale, \u00e8 in corso di liquidazione, e tra qualche giorno cesser\u00e0 di esistere per dar vita all\u2019archivio storico delle cinque verit\u00e0\u00a0che riguardano la storia, la politica, l\u2019economia, la mafia e la democrazia. Al suo posto prender\u00e0 vita La Confederazione\u00a0delle delegazioni locali dei collegi elettorali. Le&#8230; <a href=\"https:\/\/www.ilpiccone.it\/index.php\/2017\/04\/20\/comunicato-a-tutti-gli-iscritti-alle-associazioni-aderenti-ed-aggregate\/\">Read more &raquo;<\/a><\/p>\n","protected":false},"author":1,"featured_media":0,"comment_status":"open","ping_status":"open","sticky":false,"template":"","format":"standard","meta":[],"categories":[8],"tags":[],"_links":{"self":[{"href":"https:\/\/www.ilpiccone.it\/index.php\/wp-json\/wp\/v2\/posts\/1907"}],"collection":[{"href":"https:\/\/www.ilpiccone.it\/index.php\/wp-json\/wp\/v2\/posts"}],"about":[{"href":"https:\/\/www.ilpiccone.it\/index.php\/wp-json\/wp\/v2\/types\/post"}],"author":[{"embeddable":true,"href":"https:\/\/www.ilpiccone.it\/index.php\/wp-json\/wp\/v2\/users\/1"}],"replies":[{"embeddable":true,"href":"https:\/\/www.ilpiccone.it\/index.php\/wp-json\/wp\/v2\/comments?post=1907"}],"version-history":[{"count":4,"href":"https:\/\/www.ilpiccone.it\/index.php\/wp-json\/wp\/v2\/posts\/1907\/revisions"}],"predecessor-version":[{"id":1995,"href":"https:\/\/www.ilpiccone.it\/index.php\/wp-json\/wp\/v2\/posts\/1907\/revisions\/1995"}],"wp:attachment":[{"href":"https:\/\/www.ilpiccone.it\/index.php\/wp-json\/wp\/v2\/media?parent=1907"}],"wp:term":[{"taxonomy":"category","embeddable":true,"href":"https:\/\/www.ilpiccone.it\/index.php\/wp-json\/wp\/v2\/categories?post=1907"},{"taxonomy":"post_tag","embeddable":true,"href":"https:\/\/www.ilpiccone.it\/index.php\/wp-json\/wp\/v2\/tags?post=1907"}],"curies":[{"name":"wp","href":"https:\/\/api.w.org\/{rel}","templated":true}]}}