



{"id":1817,"date":"2016-09-26T18:20:02","date_gmt":"2016-09-26T17:20:02","guid":{"rendered":"http:\/\/ilpiccone.it\/wp\/?p=1817"},"modified":"2016-09-26T19:01:05","modified_gmt":"2016-09-26T18:01:05","slug":"comunicato","status":"publish","type":"post","link":"https:\/\/www.ilpiccone.it\/index.php\/2016\/09\/26\/comunicato\/","title":{"rendered":"Comunicato assemblea Dicembre 2015"},"content":{"rendered":"<p>L&#8217;Assemblea Nazionale Permanente dell&#8217;associazione Il Piccone in data 01\/12\/2015, \u00a0confermato all&#8217;unanimit\u00e0 Presidente dell&#8217;Assemblea\u00a0il Sig.Umberto Lasorsa C.F.LSRMRT70H13A662H;\u00a0e Segretaria la Sig.ra Lilli\u00a0Scavo C.F.\u00a0SCULLI46C59A944A,\u00a0in conformit\u00e0 all&#8217;ordine del giorno, ed a seguito delle considerazioni espresse dalla maggioranza degli intervenuti ha\u00a0PREMESSO:<\/p>\n<ol class=\"ol1\" style=\"text-align: justify;\">\n<li class=\"li2\" style=\"text-align: justify;\">Che l&#8217;Associazione deve evolversi in una forma associazionistica pi\u00f9 consona alle attivit\u00e0 concrete che intende promuovere.<\/li>\n<li class=\"li2\" style=\"text-align: justify;\">Che<span class=\"Apple-converted-space\">\u00a0 <\/span>l&#8217;attuale centralizzazione dirigenziale, svolti gli incarichi preparatori della strategia elettorale , non pu\u00f2,<span class=\"Apple-converted-space\">\u00a0 <\/span>con la necessaria sollecitudine e<span class=\"Apple-converted-space\">\u00a0 <\/span>la indispensabile conoscenza, occuparsi dei provvedimenti idonei a contrastare le emergenze locali tramite la politica del \u201cfare concreto\u201d.<\/li>\n<li class=\"li2\" style=\"text-align: justify;\">Che l&#8217;attuazione di detta politica occorre per<span class=\"Apple-converted-space\">\u00a0 <\/span>riconquistare la fiducia degli elettori astensionisti e dare speranza all&#8217;elettorato.<\/li>\n<li class=\"li2\" style=\"text-align: justify;\">Che ci\u00f2 \u00e0 possibile dimostrando che le delegazioni<span class=\"Apple-converted-space\">\u00a0 <\/span>locali dell&#8217;Associazione non fanno promesse, ma cose concrete.<\/li>\n<li class=\"li2\" style=\"text-align: justify;\">Che i Dipartimenti di Studio hanno accertato che la centralizzazione, imposta dal sistema di governo attuale, \u00e8 una delle principali cause del dilagare di mafia e logge massoniche accentratrici che gestiscono la sovranit\u00e0 per il loro esclusivo interesse.<span class=\"Apple-converted-space\">\u00a0 \u00a0 \u00a0 \u00a0<\/span><\/li>\n<li class=\"li3\" style=\"text-align: justify;\">Che<span class=\"Apple-converted-space\">\u00a0 <\/span>l&#8217;Assemblea Costituente e la Costituzione della Repubblica Italiana stabilivano il decentramento e l&#8217;autonomia politica e amministrativa delle Istituzioni pubbliche locali.<\/li>\n<li class=\"li3\" style=\"text-align: justify;\">Che il popolo deve poter rivendicare la propria sovranit\u00e0 nazionale e democraticamente scegliere se contro la centralizzazione attuale delle mafie preferisca la repubblica confederata delle autonomie locali italiane.<\/li>\n<li class=\"li3\" style=\"text-align: justify;\">Che l&#8217;Associazione\u00a0<strong>il Piccone\u00a0<\/strong>coerentemente deve dimettere l&#8217;attuale Centralizzazione Dirigenziale e delegare i pieni poteri alle Delegazioni Elettorali Regionali.<\/li>\n<li class=\"li3\" style=\"text-align: justify;\">Che dette delegazioni autonome e locali saranno politicamente indirizzate dal Coordinatore della Strategia Confederazionistica elettorale<span class=\"Apple-converted-space\">\u00a0 <\/span>inter regionale per le alleanze trasversali<span class=\"Apple-converted-space\">\u00a0 <\/span>con i trasversalisti locali per la riforma costituzionale del mandato imperativo vincolante e per i programmi locali necessari a contrastare le emergenze.<\/li>\n<li class=\"li3\" style=\"text-align: justify;\">Che con la istituzione delle Delegazioni Elettorali Regionali \u00e8 necessario che l&#8217;Associazione Nazionale il Piccone cessi l&#8217;attivit\u00e0 politica.<\/li>\n<\/ol>\n<p class=\"p1\" style=\"text-align: justify;\"><strong>TUTTO CIO&#8217; PREMESSO HA DELIBERATO:<br \/>\n<\/strong>Il Presidente del Collegio di Presidenza Nazionale dell&#8217;Associazione sig. Giovanni Roversi, c.f.<span class=\"Apple-converted-space\">\u00a0 <\/span>RVRGNN42B16A944H provveder\u00e0 alla nomina dei Presidenti delle Delegazioni Elettorali Territoriali, conferendo ad<span class=\"Apple-converted-space\">\u00a0 <\/span>ognuno di essi i pi\u00f9 ampi poteri di rappresentanza e alla nomina<span class=\"Apple-converted-space\">\u00a0 <\/span>del \u201cCoordinatore Politico della Confederazione delle Delegazioni Elettorali\u201d scelto a suo insindacabile parere tra gli associati propostisi.\u00a0I Presidenti delle Delegazioni, pena decadenza, dovranno operare in ossequio ai Principi Fondamentali della Repubblica,<span class=\"Apple-converted-space\">\u00a0 <\/span>per l&#8217;attuazione dei Diritti Inalienabili ed Irrinunciabili dei cittadini.<br \/>\nLoro compito \u00e8 predisporre con i Trasversalisti Istituzionali locali i programmi elettorali del MANDATO IMPERATIVO VINCOLANTE E DEL FARE CONCRETO LOCALE e formulare la lista dei candidati secondo quanto e come<span class=\"Apple-converted-space\">\u00a0 <\/span>stabiliranno i cittadini dei rispettivi collegi. <span class=\"Apple-converted-space\"><br \/>\n<\/span>L&#8217;Associazione Nazionale Il Piccone in attuazione di quanto deliberato, con l&#8217;esecuzione di questi due ultimi adempimenti, cesser\u00e0 ogni attivit\u00e0 politica e perder\u00e0 ogni legittimo potere.<br \/>\nGli associati delle singole Associazioni aderenti ed aggregate confluendo nelle rispettive locali delegazioni daranno vita alla \u201cAssociazione Confederata delle Delegazioni Territoriali per il Mandato Imperativo Vincolante\u201d.<br \/>\nIl Sito de \u201cil piccone nazionale\u201d si trasformer\u00e0 nell&#8217;Archivio Storico informatizzato apolitico ed apartitico dell&#8217;intero lavoro svolto dai movimenti <span class=\"Apple-converted-space\">\u00a0 <\/span>che dal 1943 si susseguirono fino a dar vita all&#8217;Associazione Nazionale Il Piccone.<\/p>\n<p class=\"p1\" style=\"text-align: justify;\"><span class=\"s1\"><b>Il Presidente dell&#8217;Assemblea<br \/>\n<\/b><\/span><span style=\"font-size: 1rem;\">F.to Umberto Lasorsa<\/span><\/p>\n<p class=\"p1\" style=\"text-align: justify;\"><span class=\"s1\"><b>La Segretaria<br \/>\n<\/b><\/span><span style=\"font-size: 1rem;\">F.to Lilli Scavo<\/span><\/p>\n","protected":false},"excerpt":{"rendered":"<p>L&#8217;Assemblea Nazionale Permanente dell&#8217;associazione Il Piccone in data 01\/12\/2015, \u00a0confermato all&#8217;unanimit\u00e0 Presidente dell&#8217;Assemblea\u00a0il Sig.Umberto Lasorsa C.F.LSRMRT70H13A662H;\u00a0e Segretaria la Sig.ra Lilli\u00a0Scavo C.F.\u00a0SCULLI46C59A944A,\u00a0in conformit\u00e0 all&#8217;ordine del giorno, ed a seguito delle considerazioni espresse dalla maggioranza degli intervenuti ha\u00a0PREMESSO: Che l&#8217;Associazione deve evolversi in una forma associazionistica pi\u00f9 consona alle attivit\u00e0 concrete che intende promuovere. Che\u00a0 l&#8217;attuale centralizzazione dirigenziale, svolti gli incarichi preparatori&#8230; <a href=\"https:\/\/www.ilpiccone.it\/index.php\/2016\/09\/26\/comunicato\/\">Read more &raquo;<\/a><\/p>\n","protected":false},"author":1,"featured_media":0,"comment_status":"open","ping_status":"open","sticky":false,"template":"","format":"standard","meta":[],"categories":[8],"tags":[],"_links":{"self":[{"href":"https:\/\/www.ilpiccone.it\/index.php\/wp-json\/wp\/v2\/posts\/1817"}],"collection":[{"href":"https:\/\/www.ilpiccone.it\/index.php\/wp-json\/wp\/v2\/posts"}],"about":[{"href":"https:\/\/www.ilpiccone.it\/index.php\/wp-json\/wp\/v2\/types\/post"}],"author":[{"embeddable":true,"href":"https:\/\/www.ilpiccone.it\/index.php\/wp-json\/wp\/v2\/users\/1"}],"replies":[{"embeddable":true,"href":"https:\/\/www.ilpiccone.it\/index.php\/wp-json\/wp\/v2\/comments?post=1817"}],"version-history":[{"count":4,"href":"https:\/\/www.ilpiccone.it\/index.php\/wp-json\/wp\/v2\/posts\/1817\/revisions"}],"predecessor-version":[{"id":1835,"href":"https:\/\/www.ilpiccone.it\/index.php\/wp-json\/wp\/v2\/posts\/1817\/revisions\/1835"}],"wp:attachment":[{"href":"https:\/\/www.ilpiccone.it\/index.php\/wp-json\/wp\/v2\/media?parent=1817"}],"wp:term":[{"taxonomy":"category","embeddable":true,"href":"https:\/\/www.ilpiccone.it\/index.php\/wp-json\/wp\/v2\/categories?post=1817"},{"taxonomy":"post_tag","embeddable":true,"href":"https:\/\/www.ilpiccone.it\/index.php\/wp-json\/wp\/v2\/tags?post=1817"}],"curies":[{"name":"wp","href":"https:\/\/api.w.org\/{rel}","templated":true}]}}