



{"id":1705,"date":"2016-04-12T10:04:02","date_gmt":"2016-04-12T09:04:02","guid":{"rendered":"http:\/\/ilpiccone.it\/wp\/?p=1705"},"modified":"2016-04-12T10:04:02","modified_gmt":"2016-04-12T09:04:02","slug":"lettera-aperta-dei-michelacci","status":"publish","type":"post","link":"https:\/\/www.ilpiccone.it\/index.php\/2016\/04\/12\/lettera-aperta-dei-michelacci\/","title":{"rendered":"Lettera aperta dei &#8220;Michelacci&#8221;"},"content":{"rendered":"<p class=\"p1\">Quando l&#8217;On.Matteo Renzi al TG disse: \u201c&#8230; Dovrete arrendervi alla realt\u00e0&#8230;\u201d<span class=\"Apple-converted-space\">\u00a0 <\/span>ricevemmo una serie di comunicati di protesta di molte Associazioni aderenti. <span class=\"Apple-converted-space\">\u00a0 <\/span>Una di queste \u00e8 quella che segue perch\u00e9 comprende il contenuto di tutte le altre:<br \/>\n\u201cMa si rende conto che la realt\u00e0 \u00e8 ci\u00f2 che si riscontra? NOI riscontriamo una classe politica e dirigente, mafiosa, ladra, approfittatrice e talora assassina che si arricchisce con abusi,<span class=\"Apple-converted-space\">\u00a0 <\/span>inciuci,<span class=\"Apple-converted-space\">\u00a0 <\/span>corruzione e con con la perennit\u00e0 e la pessima esecuzione dei lavori pubblici, con la moltiplicazione delle spese inutili<span class=\"Apple-converted-space\">\u00a0 <\/span>e che PERPETUA il proprio acquisito potere mediante il voto di scambio, mediante<span class=\"Apple-converted-space\">\u00a0<\/span>le consorterie privilegiate che assicurano le preferenze elettorali.<br \/>\nQUESTA E&#8217; LA REALTA&#8217; CHE VEDIAMO!!! DOVREMMO ARRENDERCI A QUESTA? CONTINUARE A SOFFRIRE, A SACRIFICARCI A SPRECARE LE NOSTRE ESISTENZE, RINUNCIARE A TUTTO A QUALE SCOPO?? FORSE CHE I SACRIFICI IMPOSTICI<span class=\"Apple-converted-space\">\u00a0\u00a0<\/span>SONO SERVITI A QUALCHE COSA DI BUONO O DI UTILE?<br \/>\n<span class=\"Apple-converted-space\">Il potere si \u00e8 <\/span>dedicato alla svendita delle ricchezze e risorse Italiane e persino alla svendita dei diritti di ogni singolo cittadino dismettendo<span class=\"Apple-converted-space\">\u00a0l<\/span>a Sovranit\u00e0 Nazionale, la sovranit\u00e0 monetaria, il tessuto economico, commerciale e produttivo della nostra Patria!!!<br \/>\nDOVREMMO ARRENDERCI A QUESTA REALTA&#8217;???<br \/>\n<strong>1)<\/strong> Alla<span class=\"Apple-converted-space\">\u00a0 <\/span>dismissione<span class=\"Apple-converted-space\">\u00a0 <\/span>della sovranit\u00e0 ed al conferimento ai questa ad organismi extraterritoriali sui quali non \u00e8 consentito n\u00e9 un controllo n\u00e9 una verifica .<br \/>\n<strong>2)<\/strong> Alla svendita delle ricchezze e risorse Italiane,all&#8217;impoverimento dell\u2019agricoltura, all&#8217;incuria del territorio col conseguente<span class=\"Apple-converted-space\">\u00a0 <\/span>dissesto idrogeologico.<br \/>\n<strong>3<\/strong>) All&#8217;espropriazione dei beni demaniali, di propriet\u00e0 dei cittadini, trasformati in propriet\u00e0 gestite malamente tramite mafie<span class=\"Apple-converted-space\">\u00a0 <\/span>od abbandonandoti al degrado e al collasso.<br \/>\n<strong>4)<\/strong> All&#8217;imposizione a carico dei cittadini di una pletora di prestazione personali e patrimoniali abusive ed illecite.<br \/>\n<strong>5)<span class=\"Apple-converted-space\">\u00a0<\/span><\/strong>Al fallimento del sistema giudiziario e alla impossibilit\u00e0 di tutela dei diritti ed interessi legittimi in tempi umani.<br \/>\n<strong>6)<\/strong> All&#8217;arbitrio di una magistratura legibus<span class=\"Apple-converted-space\">\u00a0<\/span>soluta , che, dopo aver servito la politica,<span class=\"Apple-converted-space\">\u00a0 <\/span>si \u00e8 eretta a fonte di diritto col bene placito dei boss delle istituzioni e dei partiti.<br \/>\n<strong>7)<\/strong> Avere<span class=\"Apple-converted-space\">\u00a0 <\/span>reso impossibile l\u2019accesso alla istruzione superiore se non alle classi pi\u00f9 abbienti.<br \/>\n<strong>8)<\/strong> Aver portato al collasso la pubblica assistenza.<br \/>\n<strong>9)<\/strong> Avere abrogato il diritto al lavoro nonch\u00e9 alla congruit\u00e0 delle retribuzioni in proporzione alla<span class=\"Apple-converted-space\">\u00a0 <\/span>dignitosa sopravvivenza della famiglia e del singolo.<br \/>\n<strong>10)<\/strong> Avere tradito il diritto dei cittadini ad una vita dignitosa e al godimento dei diritti Naturali,<span class=\"Apple-converted-space\">\u00a0 <\/span>Umani<span class=\"Apple-converted-space\">\u00a0 <\/span>e Civili.<br \/>\nQuanto sopra solo alcuni esempi della REALTA&#8217; ALLA QUALE DOVREMMO ARRENDERCI.<br \/>\nL&#8217;Associazione da parte sua<span class=\"Apple-converted-space\">\u00a0 <\/span>si riserva nel corso degli approfondimenti che seguiranno, di documentare i veri fini di leggi ed emendamenti che, dissimulando<span class=\"Apple-converted-space\">\u00a0 <\/span>i loro scopi<span class=\"Apple-converted-space\">\u00a0e che\u00a0<\/span>sono diretti a produrre miseria, disoccupazione e assistenzialismo secondo quanto deciso dai potentati<span class=\"Apple-converted-space\">\u00a0 <\/span>mafiosi internazionali che dirigono gli attuali usurpatori.<\/p>\n","protected":false},"excerpt":{"rendered":"<p>Quando l&#8217;On.Matteo Renzi al TG disse: \u201c&#8230; Dovrete arrendervi alla realt\u00e0&#8230;\u201d\u00a0 ricevemmo una serie di comunicati di protesta di molte Associazioni aderenti. \u00a0 Una di queste \u00e8 quella che segue perch\u00e9 comprende il contenuto di tutte le altre: \u201cMa si rende conto che la realt\u00e0 \u00e8 ci\u00f2 che si riscontra? NOI riscontriamo una classe politica e dirigente, mafiosa, ladra, approfittatrice&#8230; <a href=\"https:\/\/www.ilpiccone.it\/index.php\/2016\/04\/12\/lettera-aperta-dei-michelacci\/\">Read more &raquo;<\/a><\/p>\n","protected":false},"author":1,"featured_media":0,"comment_status":"open","ping_status":"open","sticky":false,"template":"","format":"standard","meta":[],"categories":[8],"tags":[],"_links":{"self":[{"href":"https:\/\/www.ilpiccone.it\/index.php\/wp-json\/wp\/v2\/posts\/1705"}],"collection":[{"href":"https:\/\/www.ilpiccone.it\/index.php\/wp-json\/wp\/v2\/posts"}],"about":[{"href":"https:\/\/www.ilpiccone.it\/index.php\/wp-json\/wp\/v2\/types\/post"}],"author":[{"embeddable":true,"href":"https:\/\/www.ilpiccone.it\/index.php\/wp-json\/wp\/v2\/users\/1"}],"replies":[{"embeddable":true,"href":"https:\/\/www.ilpiccone.it\/index.php\/wp-json\/wp\/v2\/comments?post=1705"}],"version-history":[{"count":1,"href":"https:\/\/www.ilpiccone.it\/index.php\/wp-json\/wp\/v2\/posts\/1705\/revisions"}],"predecessor-version":[{"id":1706,"href":"https:\/\/www.ilpiccone.it\/index.php\/wp-json\/wp\/v2\/posts\/1705\/revisions\/1706"}],"wp:attachment":[{"href":"https:\/\/www.ilpiccone.it\/index.php\/wp-json\/wp\/v2\/media?parent=1705"}],"wp:term":[{"taxonomy":"category","embeddable":true,"href":"https:\/\/www.ilpiccone.it\/index.php\/wp-json\/wp\/v2\/categories?post=1705"},{"taxonomy":"post_tag","embeddable":true,"href":"https:\/\/www.ilpiccone.it\/index.php\/wp-json\/wp\/v2\/tags?post=1705"}],"curies":[{"name":"wp","href":"https:\/\/api.w.org\/{rel}","templated":true}]}}